{"id":23485,"date":"2020-11-20T09:40:49","date_gmt":"2020-11-20T08:40:49","guid":{"rendered":"https:\/\/iturzaeta.eus\/?p=23485"},"modified":"2020-11-20T09:40:49","modified_gmt":"2020-11-20T08:40:49","slug":"euskaraldia","status":"publish","type":"post","link":"https:\/\/iturzaeta.eus\/es\/blog\/euskaraldia\/","title":{"rendered":"EUSKARALDIA"},"content":{"rendered":"<p>Ya est\u00e1 en marcha la segunda edici\u00f3n del Euskaraldia 2020, y durar\u00e1 desde el 20 de noviembre al 4 de diciembre. \u00bfY t\u00fa, tienes ya tu chapa?<\/p>\n<p>Euskaraldia es&nbsp;un ejercicio social para cambiar los h\u00e1bitos ling\u00fc\u00edsticos&nbsp;entre los hablantes que entienden el euskara y al estar extendido a todos los espacios de la sociedad, todos los miembros de la escuela tambi\u00e9n participaremos.&nbsp;<\/p>\n<p>As\u00ed como en la primera edici\u00f3n, puedes elegir entre ser \u00abAhobizi\u00bb o \u00abBelarriprest\u00bb. En cambio el Euskaraldia de este a\u00f1o trae consigo una novedad: la posibilidad de poder realizar el ejercicio social en grupo. Esta opci\u00f3n se materializa a trav\u00e9s de los <em>arigunes<\/em>, es decir, espacios donde se puede hablar euskera con toda tranquilidad.&nbsp;<\/p>\n<p>Animaos a participar y fomentemos entre todos el uso del euskera.<\/p>\n<p><img loading=\"lazy\" decoding=\"async\" class=\"alignnone size-medium wp-image-23483\" src=\"https:\/\/iturzaeta.eus\/wp-content\/uploads\/2020\/11\/2cd76243057e9f823574cb2fb198de67_w560-300x191.jpg\" alt=\"\" width=\"300\" height=\"191\" srcset=\"https:\/\/iturzaeta.eus\/wp-content\/uploads\/2020\/11\/2cd76243057e9f823574cb2fb198de67_w560-300x191.jpg 300w, https:\/\/iturzaeta.eus\/wp-content\/uploads\/2020\/11\/2cd76243057e9f823574cb2fb198de67_w560.jpg 560w\" sizes=\"(max-width: 300px) 100vw, 300px\" \/><\/p>\n","protected":false},"excerpt":{"rendered":"<p>Ya est\u00e1 en marcha la segunda edici\u00f3n del Euskaraldia 2020, y durar\u00e1 desde el 20 de noviembre al 4 de diciembre. \u00bfY t\u00fa, tienes ya tu chapa? Euskaraldia es&nbsp;un ejercicio social para cambiar los h\u00e1bitos ling\u00fc\u00edsticos&nbsp;entre los hablantes que entienden el euskara y al estar extendido a todos los espacios de la sociedad, todos los [&hellip;]<\/p>\n","protected":false},"author":14,"featured_media":23481,"comment_status":"closed","ping_status":"closed","sticky":false,"template":"","format":"standard","meta":{"_et_pb_use_builder":"","_et_pb_old_content":"","_et_gb_content_width":"","ngg_post_thumbnail":0,"footnotes":""},"categories":[28],"tags":[],"class_list":["post-23485","post","type-post","status-publish","format-standard","has-post-thumbnail","hentry","category-noticias","et-has-post-format-content","et_post_format-et-post-format-standard"],"_links":{"self":[{"href":"https:\/\/iturzaeta.eus\/es\/wp-json\/wp\/v2\/posts\/23485","targetHints":{"allow":["GET"]}}],"collection":[{"href":"https:\/\/iturzaeta.eus\/es\/wp-json\/wp\/v2\/posts"}],"about":[{"href":"https:\/\/iturzaeta.eus\/es\/wp-json\/wp\/v2\/types\/post"}],"author":[{"embeddable":true,"href":"https:\/\/iturzaeta.eus\/es\/wp-json\/wp\/v2\/users\/14"}],"replies":[{"embeddable":true,"href":"https:\/\/iturzaeta.eus\/es\/wp-json\/wp\/v2\/comments?post=23485"}],"version-history":[{"count":1,"href":"https:\/\/iturzaeta.eus\/es\/wp-json\/wp\/v2\/posts\/23485\/revisions"}],"predecessor-version":[{"id":23486,"href":"https:\/\/iturzaeta.eus\/es\/wp-json\/wp\/v2\/posts\/23485\/revisions\/23486"}],"wp:featuredmedia":[{"embeddable":true,"href":"https:\/\/iturzaeta.eus\/es\/wp-json\/wp\/v2\/media\/23481"}],"wp:attachment":[{"href":"https:\/\/iturzaeta.eus\/es\/wp-json\/wp\/v2\/media?parent=23485"}],"wp:term":[{"taxonomy":"category","embeddable":true,"href":"https:\/\/iturzaeta.eus\/es\/wp-json\/wp\/v2\/categories?post=23485"},{"taxonomy":"post_tag","embeddable":true,"href":"https:\/\/iturzaeta.eus\/es\/wp-json\/wp\/v2\/tags?post=23485"}],"curies":[{"name":"wp","href":"https:\/\/api.w.org\/{rel}","templated":true}]}}