{"id":24085,"date":"2021-05-11T11:52:55","date_gmt":"2021-05-11T09:52:55","guid":{"rendered":"https:\/\/iturzaeta.eus\/?p=24085"},"modified":"2021-05-11T12:00:18","modified_gmt":"2021-05-11T10:00:18","slug":"el-curriculo-de-guetaria","status":"publish","type":"post","link":"https:\/\/iturzaeta.eus\/es\/blog\/el-curriculo-de-guetaria\/","title":{"rendered":"EL CURR\u00cdCULO DE GUETARIA"},"content":{"rendered":"<p>La Comunidad Educativa de Guetaria dio a conocer el 7 de mayo la puesta en marcha del proyecto \u00abel curr\u00edculo de Guetaria\u00bb. La presentaci\u00f3n del proyecto tuvo lugar en el sal\u00f3n de plenos del Ayuntamiento y participaron los miembros del ayuntamiento, la escuela Iturzaeta y la Asociaci\u00f3n de padres y madres. Uno de los objetivos principales de este proyecto es ofrecer a los alumnos conocimientos vinculados con el mismo pueblo y esto se sistematizar\u00e1 en cada curso.<\/p>\n<p>Como se ve\u00eda la necesidad de tener una persona responsable del proyecto, se llev\u00f3 a cabo una convocatoria p\u00fablica y el elegido fue el guetariarra Gaizka Gorostiaga. Se mostr\u00f3 contento e ilusionado con este nuevo reto que tendr\u00e1 como objetivo crear actividades din\u00e1micas relacionadas con los conocimientos de la localidad. Comenzar\u00e1 con 5. y 6. de Educaci\u00f3n Primaria y se prev\u00e9\u00a0 que las primeras unidades est\u00e9n elaboradas para septiembre. Luego seguir\u00e1 con los dem\u00e1s ciclos y cursos del centro.<\/p>\n<p>Aqu\u00ed ten\u00e9is algunas fotograf\u00edas del d\u00eda de la presentaci\u00f3n del proyecto:<\/p>\n<p><img loading=\"lazy\" decoding=\"async\" class=\"alignnone size-medium wp-image-24083\" src=\"https:\/\/iturzaeta.eus\/wp-content\/uploads\/2021\/05\/Screenshot_2021-05-11-10-25-18-448_com.android.chrome_2-300x212.jpg\" alt=\"\" width=\"300\" height=\"212\" srcset=\"https:\/\/iturzaeta.eus\/wp-content\/uploads\/2021\/05\/Screenshot_2021-05-11-10-25-18-448_com.android.chrome_2-300x212.jpg 300w, https:\/\/iturzaeta.eus\/wp-content\/uploads\/2021\/05\/Screenshot_2021-05-11-10-25-18-448_com.android.chrome_2-1024x723.jpg 1024w, https:\/\/iturzaeta.eus\/wp-content\/uploads\/2021\/05\/Screenshot_2021-05-11-10-25-18-448_com.android.chrome_2-768x543.jpg 768w, https:\/\/iturzaeta.eus\/wp-content\/uploads\/2021\/05\/Screenshot_2021-05-11-10-25-18-448_com.android.chrome_2-400x284.jpg 400w, https:\/\/iturzaeta.eus\/wp-content\/uploads\/2021\/05\/Screenshot_2021-05-11-10-25-18-448_com.android.chrome_2.jpg 1080w\" sizes=\"(max-width: 300px) 100vw, 300px\" \/> <img loading=\"lazy\" decoding=\"async\" class=\"alignnone size-medium wp-image-24081\" src=\"https:\/\/iturzaeta.eus\/wp-content\/uploads\/2021\/05\/Screenshot_2021-05-11-10-25-10-905_com.android.chrome_2-300x213.jpg\" alt=\"\" width=\"300\" height=\"213\" srcset=\"https:\/\/iturzaeta.eus\/wp-content\/uploads\/2021\/05\/Screenshot_2021-05-11-10-25-10-905_com.android.chrome_2-300x213.jpg 300w, https:\/\/iturzaeta.eus\/wp-content\/uploads\/2021\/05\/Screenshot_2021-05-11-10-25-10-905_com.android.chrome_2-1024x727.jpg 1024w, https:\/\/iturzaeta.eus\/wp-content\/uploads\/2021\/05\/Screenshot_2021-05-11-10-25-10-905_com.android.chrome_2-768x545.jpg 768w, https:\/\/iturzaeta.eus\/wp-content\/uploads\/2021\/05\/Screenshot_2021-05-11-10-25-10-905_com.android.chrome_2-400x284.jpg 400w, https:\/\/iturzaeta.eus\/wp-content\/uploads\/2021\/05\/Screenshot_2021-05-11-10-25-10-905_com.android.chrome_2.jpg 1080w\" sizes=\"(max-width: 300px) 100vw, 300px\" \/> <img loading=\"lazy\" decoding=\"async\" class=\"alignnone size-medium wp-image-24079\" src=\"https:\/\/iturzaeta.eus\/wp-content\/uploads\/2021\/05\/Screenshot_2021-05-11-10-25-00-772_com.android.chrome_2-300x208.jpg\" alt=\"\" width=\"300\" height=\"208\" srcset=\"https:\/\/iturzaeta.eus\/wp-content\/uploads\/2021\/05\/Screenshot_2021-05-11-10-25-00-772_com.android.chrome_2-300x208.jpg 300w, https:\/\/iturzaeta.eus\/wp-content\/uploads\/2021\/05\/Screenshot_2021-05-11-10-25-00-772_com.android.chrome_2-1024x709.jpg 1024w, https:\/\/iturzaeta.eus\/wp-content\/uploads\/2021\/05\/Screenshot_2021-05-11-10-25-00-772_com.android.chrome_2-768x532.jpg 768w, https:\/\/iturzaeta.eus\/wp-content\/uploads\/2021\/05\/Screenshot_2021-05-11-10-25-00-772_com.android.chrome_2.jpg 1080w\" sizes=\"(max-width: 300px) 100vw, 300px\" \/><\/p>\n","protected":false},"excerpt":{"rendered":"<p>La Comunidad Educativa de Guetaria dio a conocer el 7 de mayo la puesta en marcha del proyecto \u00abel curr\u00edculo de Guetaria\u00bb. La presentaci\u00f3n del proyecto tuvo lugar en el sal\u00f3n de plenos del Ayuntamiento y participaron los miembros del ayuntamiento, la escuela Iturzaeta y la Asociaci\u00f3n de padres y madres. Uno de los objetivos [&hellip;]<\/p>\n","protected":false},"author":14,"featured_media":24081,"comment_status":"closed","ping_status":"closed","sticky":false,"template":"","format":"standard","meta":{"_et_pb_use_builder":"","_et_pb_old_content":"","_et_gb_content_width":"","ngg_post_thumbnail":0,"footnotes":""},"categories":[28],"tags":[],"class_list":["post-24085","post","type-post","status-publish","format-standard","has-post-thumbnail","hentry","category-noticias","et-has-post-format-content","et_post_format-et-post-format-standard"],"_links":{"self":[{"href":"https:\/\/iturzaeta.eus\/es\/wp-json\/wp\/v2\/posts\/24085","targetHints":{"allow":["GET"]}}],"collection":[{"href":"https:\/\/iturzaeta.eus\/es\/wp-json\/wp\/v2\/posts"}],"about":[{"href":"https:\/\/iturzaeta.eus\/es\/wp-json\/wp\/v2\/types\/post"}],"author":[{"embeddable":true,"href":"https:\/\/iturzaeta.eus\/es\/wp-json\/wp\/v2\/users\/14"}],"replies":[{"embeddable":true,"href":"https:\/\/iturzaeta.eus\/es\/wp-json\/wp\/v2\/comments?post=24085"}],"version-history":[{"count":3,"href":"https:\/\/iturzaeta.eus\/es\/wp-json\/wp\/v2\/posts\/24085\/revisions"}],"predecessor-version":[{"id":24088,"href":"https:\/\/iturzaeta.eus\/es\/wp-json\/wp\/v2\/posts\/24085\/revisions\/24088"}],"wp:featuredmedia":[{"embeddable":true,"href":"https:\/\/iturzaeta.eus\/es\/wp-json\/wp\/v2\/media\/24081"}],"wp:attachment":[{"href":"https:\/\/iturzaeta.eus\/es\/wp-json\/wp\/v2\/media?parent=24085"}],"wp:term":[{"taxonomy":"category","embeddable":true,"href":"https:\/\/iturzaeta.eus\/es\/wp-json\/wp\/v2\/categories?post=24085"},{"taxonomy":"post_tag","embeddable":true,"href":"https:\/\/iturzaeta.eus\/es\/wp-json\/wp\/v2\/tags?post=24085"}],"curies":[{"name":"wp","href":"https:\/\/api.w.org\/{rel}","templated":true}]}}