{"id":24228,"date":"2021-09-16T13:38:39","date_gmt":"2021-09-16T11:38:39","guid":{"rendered":"https:\/\/iturzaeta.eus\/?p=24228"},"modified":"2021-09-17T14:11:07","modified_gmt":"2021-09-17T12:11:07","slug":"la-huerta","status":"publish","type":"post","link":"https:\/\/iturzaeta.eus\/es\/blog\/la-huerta\/","title":{"rendered":"LA HUERTA"},"content":{"rendered":"<p><strong>\u00a1La huerta est\u00e1 en marcha!<\/strong><\/p>\n<p>Los de 3\u00ba se encargar\u00e1n este a\u00f1o y est\u00e1n deseosos de empezar a trabajar y aprender mucho.<\/p>\n<p>Los de 4\u00ba de junco hicieron un gran trabajo, la huerta tiene un aspecto hermoso , y en verano a crecido much\u00edsima verdura.<\/p>\n<p>\u00a1Gracias por su trabajo!<\/p>\n<p>Animo a los de 3\u00ba y que lo disfrut\u00e9is mucho,<\/p>\n<p><img loading=\"lazy\" decoding=\"async\" class=\"alignnone size-full wp-image-24224\" src=\"https:\/\/iturzaeta.eus\/wp-content\/uploads\/2021\/09\/0d5d4495-4bf2-48e7-9ebb-f6ce5beb2b9a.jpg\" alt=\"\" width=\"320\" height=\"240\" srcset=\"https:\/\/iturzaeta.eus\/wp-content\/uploads\/2021\/09\/0d5d4495-4bf2-48e7-9ebb-f6ce5beb2b9a.jpg 320w, https:\/\/iturzaeta.eus\/wp-content\/uploads\/2021\/09\/0d5d4495-4bf2-48e7-9ebb-f6ce5beb2b9a-300x225.jpg 300w\" sizes=\"(max-width: 320px) 100vw, 320px\" \/> <img loading=\"lazy\" decoding=\"async\" class=\"alignnone wp-image-24222\" src=\"https:\/\/iturzaeta.eus\/wp-content\/uploads\/2021\/09\/e9b00cad-e39f-4c41-a51d-b24cb47a7f9a.jpg\" alt=\"\" width=\"317\" height=\"238\" srcset=\"https:\/\/iturzaeta.eus\/wp-content\/uploads\/2021\/09\/e9b00cad-e39f-4c41-a51d-b24cb47a7f9a.jpg 640w, https:\/\/iturzaeta.eus\/wp-content\/uploads\/2021\/09\/e9b00cad-e39f-4c41-a51d-b24cb47a7f9a-300x225.jpg 300w\" sizes=\"(max-width: 317px) 100vw, 317px\" \/><\/p>\n","protected":false},"excerpt":{"rendered":"<p>\u00a1La huerta est\u00e1 en marcha! Los de 3\u00ba se encargar\u00e1n este a\u00f1o y est\u00e1n deseosos de empezar a trabajar y aprender mucho. Los de 4\u00ba de junco hicieron un gran trabajo, la huerta tiene un aspecto hermoso , y en verano a crecido much\u00edsima verdura. \u00a1Gracias por su trabajo! Animo a los de 3\u00ba y [&hellip;]<\/p>\n","protected":false},"author":14,"featured_media":24224,"comment_status":"closed","ping_status":"closed","sticky":false,"template":"","format":"standard","meta":{"_et_pb_use_builder":"","_et_pb_old_content":"","_et_gb_content_width":"","ngg_post_thumbnail":0,"footnotes":""},"categories":[28],"tags":[],"class_list":["post-24228","post","type-post","status-publish","format-standard","has-post-thumbnail","hentry","category-noticias","et-has-post-format-content","et_post_format-et-post-format-standard"],"_links":{"self":[{"href":"https:\/\/iturzaeta.eus\/es\/wp-json\/wp\/v2\/posts\/24228","targetHints":{"allow":["GET"]}}],"collection":[{"href":"https:\/\/iturzaeta.eus\/es\/wp-json\/wp\/v2\/posts"}],"about":[{"href":"https:\/\/iturzaeta.eus\/es\/wp-json\/wp\/v2\/types\/post"}],"author":[{"embeddable":true,"href":"https:\/\/iturzaeta.eus\/es\/wp-json\/wp\/v2\/users\/14"}],"replies":[{"embeddable":true,"href":"https:\/\/iturzaeta.eus\/es\/wp-json\/wp\/v2\/comments?post=24228"}],"version-history":[{"count":3,"href":"https:\/\/iturzaeta.eus\/es\/wp-json\/wp\/v2\/posts\/24228\/revisions"}],"predecessor-version":[{"id":24234,"href":"https:\/\/iturzaeta.eus\/es\/wp-json\/wp\/v2\/posts\/24228\/revisions\/24234"}],"wp:featuredmedia":[{"embeddable":true,"href":"https:\/\/iturzaeta.eus\/es\/wp-json\/wp\/v2\/media\/24224"}],"wp:attachment":[{"href":"https:\/\/iturzaeta.eus\/es\/wp-json\/wp\/v2\/media?parent=24228"}],"wp:term":[{"taxonomy":"category","embeddable":true,"href":"https:\/\/iturzaeta.eus\/es\/wp-json\/wp\/v2\/categories?post=24228"},{"taxonomy":"post_tag","embeddable":true,"href":"https:\/\/iturzaeta.eus\/es\/wp-json\/wp\/v2\/tags?post=24228"}],"curies":[{"name":"wp","href":"https:\/\/api.w.org\/{rel}","templated":true}]}}