{"id":24366,"date":"2021-10-29T15:36:44","date_gmt":"2021-10-29T13:36:44","guid":{"rendered":"https:\/\/iturzaeta.eus\/?p=24366"},"modified":"2021-10-29T15:36:44","modified_gmt":"2021-10-29T13:36:44","slug":"a-favor-de-la-escuela-publica-vasca","status":"publish","type":"post","link":"https:\/\/iturzaeta.eus\/es\/blog\/a-favor-de-la-escuela-publica-vasca\/","title":{"rendered":"A FAVOR DE LA ESCUELA PUBLICA VASCA"},"content":{"rendered":"<p>Kaixo!<\/p>\n<p>Mediante esta nota queremos felicitar a todas las personas que participaron ayer, 27 de octubre en la foto a favor de la escuela p\u00fablica. Muchas gracias. Sabemos, asimismo, que muchos\/as, a pesar de no participar en la foto, defend\u00e9is la campa\u00f1a a favor de la escuela p\u00fablica. Queremos animar a toda la comunidad educativa de Iturzaeta Herri Eskola a participar en la manifestaci\u00f3n del 6 de noviembre, s\u00e1bado, en Bilbao. \u2018Hezkuntza publikoaren alde: pribatizazioari ez!\u2019 ser\u00e1 el lema de la movilizaci\u00f3n, precisamente, para reivindicar y defender la educaci\u00f3n p\u00fablica.<\/p>\n<p>Las AMPA y las Escuelas P\u00fablicas de Urola Kosta est\u00e1n organizando autobuses para ir a la manifestaci\u00f3n. Se prev\u00e9 que desde Getaria salga hacia las 15:30 y que ser\u00e1 gratuita.<\/p>\n<p>Para poder ir en autob\u00fas, hay que rellenar el impreso que la direcci\u00f3n os a enviado al email.<\/p>\n<p>El \u00faltimo d\u00eda para apuntarse ser\u00e1 el mi\u00e9rcoles, 3 de noviembre. La manifestaci\u00f3n comenzar\u00e1 a las 17:00, desde el Sagrado Coraz\u00f3n.<\/p>\n<p>\u00a1Animaos!<\/p>\n<p><img loading=\"lazy\" decoding=\"async\" class=\"alignnone size-large wp-image-24360\" src=\"https:\/\/iturzaeta.eus\/wp-content\/uploads\/2021\/10\/Iturzaeta-HLHI-2-1-1024x683.jpg\" alt=\"\" width=\"1024\" height=\"683\" srcset=\"https:\/\/iturzaeta.eus\/wp-content\/uploads\/2021\/10\/Iturzaeta-HLHI-2-1-1024x683.jpg 1024w, https:\/\/iturzaeta.eus\/wp-content\/uploads\/2021\/10\/Iturzaeta-HLHI-2-1-300x200.jpg 300w, https:\/\/iturzaeta.eus\/wp-content\/uploads\/2021\/10\/Iturzaeta-HLHI-2-1-768x512.jpg 768w, https:\/\/iturzaeta.eus\/wp-content\/uploads\/2021\/10\/Iturzaeta-HLHI-2-1-1536x1024.jpg 1536w, https:\/\/iturzaeta.eus\/wp-content\/uploads\/2021\/10\/Iturzaeta-HLHI-2-1-2048x1365.jpg 2048w, https:\/\/iturzaeta.eus\/wp-content\/uploads\/2021\/10\/Iturzaeta-HLHI-2-1-1080x720.jpg 1080w\" sizes=\"(max-width: 1024px) 100vw, 1024px\" \/> <img loading=\"lazy\" decoding=\"async\" class=\"alignnone size-large wp-image-24362\" src=\"https:\/\/iturzaeta.eus\/wp-content\/uploads\/2021\/10\/Iturzaeta-HLHI-1-1-1-1-1024x683.jpg\" alt=\"\" width=\"1024\" height=\"683\" srcset=\"https:\/\/iturzaeta.eus\/wp-content\/uploads\/2021\/10\/Iturzaeta-HLHI-1-1-1-1-1024x683.jpg 1024w, https:\/\/iturzaeta.eus\/wp-content\/uploads\/2021\/10\/Iturzaeta-HLHI-1-1-1-1-300x200.jpg 300w, https:\/\/iturzaeta.eus\/wp-content\/uploads\/2021\/10\/Iturzaeta-HLHI-1-1-1-1-768x512.jpg 768w, https:\/\/iturzaeta.eus\/wp-content\/uploads\/2021\/10\/Iturzaeta-HLHI-1-1-1-1-1080x720.jpg 1080w, https:\/\/iturzaeta.eus\/wp-content\/uploads\/2021\/10\/Iturzaeta-HLHI-1-1-1-1.jpg 1500w\" sizes=\"(max-width: 1024px) 100vw, 1024px\" \/><\/p>\n<div style=\"width: 848px;\" class=\"wp-video\"><!--[if lt IE 9]><script>document.createElement('video');<\/script><![endif]-->\n<video class=\"wp-video-shortcode\" id=\"video-24366-1\" width=\"848\" height=\"480\" preload=\"metadata\" controls=\"controls\"><source type=\"video\/mp4\" src=\"https:\/\/iturzaeta.eus\/wp-content\/uploads\/2021\/10\/Iturzaeta-HLHI-3-1.mp4?_=1\" \/><a href=\"https:\/\/iturzaeta.eus\/wp-content\/uploads\/2021\/10\/Iturzaeta-HLHI-3-1.mp4\">https:\/\/iturzaeta.eus\/wp-content\/uploads\/2021\/10\/Iturzaeta-HLHI-3-1.mp4<\/a><\/video><\/div>\n","protected":false},"excerpt":{"rendered":"<p>Kaixo! Mediante esta nota queremos felicitar a todas las personas que participaron ayer, 27 de octubre en la foto a favor de la escuela p\u00fablica. Muchas gracias. Sabemos, asimismo, que muchos\/as, a pesar de no participar en la foto, defend\u00e9is la campa\u00f1a a favor de la escuela p\u00fablica. Queremos animar a toda la comunidad educativa [&hellip;]<\/p>\n","protected":false},"author":14,"featured_media":24360,"comment_status":"closed","ping_status":"closed","sticky":false,"template":"","format":"standard","meta":{"_et_pb_use_builder":"","_et_pb_old_content":"","_et_gb_content_width":"","ngg_post_thumbnail":0,"footnotes":""},"categories":[28],"tags":[],"class_list":["post-24366","post","type-post","status-publish","format-standard","has-post-thumbnail","hentry","category-noticias","et-has-post-format-content","et_post_format-et-post-format-standard"],"_links":{"self":[{"href":"https:\/\/iturzaeta.eus\/es\/wp-json\/wp\/v2\/posts\/24366","targetHints":{"allow":["GET"]}}],"collection":[{"href":"https:\/\/iturzaeta.eus\/es\/wp-json\/wp\/v2\/posts"}],"about":[{"href":"https:\/\/iturzaeta.eus\/es\/wp-json\/wp\/v2\/types\/post"}],"author":[{"embeddable":true,"href":"https:\/\/iturzaeta.eus\/es\/wp-json\/wp\/v2\/users\/14"}],"replies":[{"embeddable":true,"href":"https:\/\/iturzaeta.eus\/es\/wp-json\/wp\/v2\/comments?post=24366"}],"version-history":[{"count":1,"href":"https:\/\/iturzaeta.eus\/es\/wp-json\/wp\/v2\/posts\/24366\/revisions"}],"predecessor-version":[{"id":24367,"href":"https:\/\/iturzaeta.eus\/es\/wp-json\/wp\/v2\/posts\/24366\/revisions\/24367"}],"wp:featuredmedia":[{"embeddable":true,"href":"https:\/\/iturzaeta.eus\/es\/wp-json\/wp\/v2\/media\/24360"}],"wp:attachment":[{"href":"https:\/\/iturzaeta.eus\/es\/wp-json\/wp\/v2\/media?parent=24366"}],"wp:term":[{"taxonomy":"category","embeddable":true,"href":"https:\/\/iturzaeta.eus\/es\/wp-json\/wp\/v2\/categories?post=24366"},{"taxonomy":"post_tag","embeddable":true,"href":"https:\/\/iturzaeta.eus\/es\/wp-json\/wp\/v2\/tags?post=24366"}],"curies":[{"name":"wp","href":"https:\/\/api.w.org\/{rel}","templated":true}]}}