{"id":24583,"date":"2021-12-23T12:58:23","date_gmt":"2021-12-23T11:58:23","guid":{"rendered":"https:\/\/iturzaeta.eus\/?p=24583"},"modified":"2021-12-23T12:58:23","modified_gmt":"2021-12-23T11:58:23","slug":"urte-berri-on","status":"publish","type":"post","link":"https:\/\/iturzaeta.eus\/es\/blog\/urte-berri-on\/","title":{"rendered":"URTE BERRI ON!"},"content":{"rendered":"<p>Por fin llega el d\u00eda de las vacaciones. No ha sido un trimestre f\u00e1cil; bien lo sab\u00e9is mucho de vosotros\/as.<\/p>\n<p>Desde Iturzaeta Eskola queremos agradeceros la colaboraci\u00f3n y paciencia mostradas ante esta sitaci\u00f3n.<\/p>\n<p>Disfrutad de estas merecidas vacaciones y terminad bien el a\u00f1o.<a href=\"https:\/\/iturzaeta.eus\/wp-content\/uploads\/2021\/12\/URTE-BERRI-ON-POSTALA-1.pdf\">URTE BERRI ON POSTALA<\/a><\/p>\n<p>Volveremos el 10 de enero en horario normal.<\/p>\n<p>Ondo izan!<\/p>\n","protected":false},"excerpt":{"rendered":"<p>Por fin llega el d\u00eda de las vacaciones. No ha sido un trimestre f\u00e1cil; bien lo sab\u00e9is mucho de vosotros\/as. Desde Iturzaeta Eskola queremos agradeceros la colaboraci\u00f3n y paciencia mostradas ante esta sitaci\u00f3n. Disfrutad de estas merecidas vacaciones y terminad bien el a\u00f1o.URTE BERRI ON POSTALA Volveremos el 10 de enero en horario normal. Ondo [&hellip;]<\/p>\n","protected":false},"author":14,"featured_media":24584,"comment_status":"closed","ping_status":"closed","sticky":false,"template":"","format":"standard","meta":{"_et_pb_use_builder":"","_et_pb_old_content":"","_et_gb_content_width":"","ngg_post_thumbnail":0,"footnotes":""},"categories":[28],"tags":[],"class_list":["post-24583","post","type-post","status-publish","format-standard","has-post-thumbnail","hentry","category-noticias","et-has-post-format-content","et_post_format-et-post-format-standard"],"_links":{"self":[{"href":"https:\/\/iturzaeta.eus\/es\/wp-json\/wp\/v2\/posts\/24583","targetHints":{"allow":["GET"]}}],"collection":[{"href":"https:\/\/iturzaeta.eus\/es\/wp-json\/wp\/v2\/posts"}],"about":[{"href":"https:\/\/iturzaeta.eus\/es\/wp-json\/wp\/v2\/types\/post"}],"author":[{"embeddable":true,"href":"https:\/\/iturzaeta.eus\/es\/wp-json\/wp\/v2\/users\/14"}],"replies":[{"embeddable":true,"href":"https:\/\/iturzaeta.eus\/es\/wp-json\/wp\/v2\/comments?post=24583"}],"version-history":[{"count":1,"href":"https:\/\/iturzaeta.eus\/es\/wp-json\/wp\/v2\/posts\/24583\/revisions"}],"predecessor-version":[{"id":24586,"href":"https:\/\/iturzaeta.eus\/es\/wp-json\/wp\/v2\/posts\/24583\/revisions\/24586"}],"wp:featuredmedia":[{"embeddable":true,"href":"https:\/\/iturzaeta.eus\/es\/wp-json\/wp\/v2\/media\/24584"}],"wp:attachment":[{"href":"https:\/\/iturzaeta.eus\/es\/wp-json\/wp\/v2\/media?parent=24583"}],"wp:term":[{"taxonomy":"category","embeddable":true,"href":"https:\/\/iturzaeta.eus\/es\/wp-json\/wp\/v2\/categories?post=24583"},{"taxonomy":"post_tag","embeddable":true,"href":"https:\/\/iturzaeta.eus\/es\/wp-json\/wp\/v2\/tags?post=24583"}],"curies":[{"name":"wp","href":"https:\/\/api.w.org\/{rel}","templated":true}]}}