{"id":25696,"date":"2023-06-02T15:31:17","date_gmt":"2023-06-02T13:31:17","guid":{"rendered":"https:\/\/iturzaeta.eus\/?p=25696"},"modified":"2023-08-21T13:38:52","modified_gmt":"2023-08-21T11:38:52","slug":"jagon-euskal-eskola-publikoaren-jaia","status":"publish","type":"post","link":"https:\/\/iturzaeta.eus\/es\/blog\/jagon-euskal-eskola-publikoaren-jaia\/","title":{"rendered":"JAGON! EUSKAL ESKOLA PUBLIKOAREN JAIA"},"content":{"rendered":"<div id=\"output_text_dummy\" class=\"form-div minimal p-0 flex-grow-1 h-20rm\">\n<div><span id=\"tgt_sent_0\"><span class=\"interactive\">\u00bfTen\u00e9is<\/span>&nbsp;<span class=\"interactive\">alg\u00fan<\/span>&nbsp;<span class=\"interactive\">plan<\/span>&nbsp;<span class=\"interactive\">para<\/span>&nbsp;<span class=\"interactive\">el<\/span>&nbsp;<span class=\"interactive\">domingo?<\/span><\/span>&nbsp;<span id=\"tgt_sent_1\"><span class=\"interactive\">Os<\/span>&nbsp;<span class=\"interactive\">proponemos:<\/span><\/span><\/div>\n<div>&nbsp;<\/div>\n<div><span id=\"tgt_sent_2\"><span class=\"interactive\">El<\/span>&nbsp;<span class=\"interactive\">domingo<\/span>&nbsp;<span class=\"interactive\">se<\/span>&nbsp;<span class=\"interactive\">celebrar\u00e1<\/span>&nbsp;<span class=\"interactive\">en<\/span>&nbsp;<span class=\"interactive\">Mungia<\/span>&nbsp;<span class=\"interactive\">la<\/span>&nbsp;<span class=\"interactive\">30\u00aa<\/span>&nbsp;<span class=\"interactive\">fiesta<\/span>&nbsp;<span class=\"interactive\">de<\/span>&nbsp;<span class=\"interactive\">la<\/span>&nbsp;<span class=\"interactive\">Escuela<\/span>&nbsp;<span class=\"interactive\">P\u00fablica<\/span>&nbsp;<span class=\"interactive\">Vasca.<\/span><\/span>&nbsp;<span id=\"tgt_sent_3\"><span class=\"interactive\">Los<\/span>&nbsp;<span class=\"interactive\">organizadores<\/span>&nbsp;<span class=\"interactive\">han<\/span>&nbsp;<span class=\"interactive\">preparado<\/span>&nbsp;<span class=\"interactive\">un<\/span>&nbsp;<span class=\"interactive\">bonito<\/span> <a href=\"https:\/\/www.euskaleskolapublikoarenjaia.eus\/eu\/content\/egitaraua\" target=\"_blank\" rel=\"noopener\">programa<\/a> <span class=\"interactive\">en<\/span>&nbsp;<span class=\"interactive\">el<\/span>&nbsp;<span class=\"interactive\">que<\/span>&nbsp;<span class=\"interactive\">se<\/span>&nbsp;<span class=\"interactive\">podr\u00e1<\/span>&nbsp;<span class=\"interactive\">disfrutar<\/span>&nbsp;<span class=\"interactive\">de<\/span>&nbsp;<span class=\"interactive\">un<\/span>&nbsp;<span class=\"interactive\">buen<\/span>&nbsp;<span class=\"interactive\">d\u00eda.<\/span><\/span><\/div>\n<div>&nbsp;<\/div>\n<div><span id=\"tgt_sent_4\"><span class=\"interactive\">Aqu\u00ed<\/span>&nbsp;<span class=\"interactive\">ten\u00e9is<\/span>&nbsp;<span class=\"interactive\">la<\/span>&nbsp;<span class=\"interactive\">canci\u00f3n<\/span>&nbsp;<span class=\"interactive\">para<\/span>&nbsp;<span class=\"interactive\">empezar<\/span>&nbsp;<span class=\"interactive\">a<\/span>&nbsp;<span class=\"interactive\">ambientar<\/span>&nbsp;<span class=\"interactive\">con<\/span>&nbsp;<span class=\"interactive\">v\u00eddeo.<\/span><\/span> <a href=\"https:\/\/www.youtube.com\/watch?v=IdDjqVcG-Zo\">V\u00eddeo<\/a><\/div>\n<\/div>\n<p>&nbsp;<\/p>\n<p><img loading=\"lazy\" decoding=\"async\" class=\" wp-image-25693 aligncenter\" src=\"https:\/\/iturzaeta.eus\/wp-content\/uploads\/2023\/06\/jagon-2-1024x512.png\" alt=\"\" width=\"922\" height=\"461\" srcset=\"https:\/\/iturzaeta.eus\/wp-content\/uploads\/2023\/06\/jagon-2-1024x512.png 1024w, https:\/\/iturzaeta.eus\/wp-content\/uploads\/2023\/06\/jagon-2-300x150.png 300w, https:\/\/iturzaeta.eus\/wp-content\/uploads\/2023\/06\/jagon-2-768x384.png 768w, https:\/\/iturzaeta.eus\/wp-content\/uploads\/2023\/06\/jagon-2-1080x540.png 1080w, https:\/\/iturzaeta.eus\/wp-content\/uploads\/2023\/06\/jagon-2.png 1107w\" sizes=\"(max-width: 922px) 100vw, 922px\" \/><\/p>\n","protected":false},"excerpt":{"rendered":"<p>\u00bfTen\u00e9is&nbsp;alg\u00fan&nbsp;plan&nbsp;para&nbsp;el&nbsp;domingo?&nbsp;Os&nbsp;proponemos: &nbsp; El&nbsp;domingo&nbsp;se&nbsp;celebrar\u00e1&nbsp;en&nbsp;Mungia&nbsp;la&nbsp;30\u00aa&nbsp;fiesta&nbsp;de&nbsp;la&nbsp;Escuela&nbsp;P\u00fablica&nbsp;Vasca.&nbsp;Los&nbsp;organizadores&nbsp;han&nbsp;preparado&nbsp;un&nbsp;bonito programa en&nbsp;el&nbsp;que&nbsp;se&nbsp;podr\u00e1&nbsp;disfrutar&nbsp;de&nbsp;un&nbsp;buen&nbsp;d\u00eda. &nbsp; Aqu\u00ed&nbsp;ten\u00e9is&nbsp;la&nbsp;canci\u00f3n&nbsp;para&nbsp;empezar&nbsp;a&nbsp;ambientar&nbsp;con&nbsp;v\u00eddeo. V\u00eddeo &nbsp;<\/p>\n","protected":false},"author":14,"featured_media":25694,"comment_status":"closed","ping_status":"closed","sticky":false,"template":"","format":"standard","meta":{"_et_pb_use_builder":"","_et_pb_old_content":"","_et_gb_content_width":"","ngg_post_thumbnail":0,"footnotes":""},"categories":[28],"tags":[],"class_list":["post-25696","post","type-post","status-publish","format-standard","has-post-thumbnail","hentry","category-noticias","et-has-post-format-content","et_post_format-et-post-format-standard"],"_links":{"self":[{"href":"https:\/\/iturzaeta.eus\/es\/wp-json\/wp\/v2\/posts\/25696","targetHints":{"allow":["GET"]}}],"collection":[{"href":"https:\/\/iturzaeta.eus\/es\/wp-json\/wp\/v2\/posts"}],"about":[{"href":"https:\/\/iturzaeta.eus\/es\/wp-json\/wp\/v2\/types\/post"}],"author":[{"embeddable":true,"href":"https:\/\/iturzaeta.eus\/es\/wp-json\/wp\/v2\/users\/14"}],"replies":[{"embeddable":true,"href":"https:\/\/iturzaeta.eus\/es\/wp-json\/wp\/v2\/comments?post=25696"}],"version-history":[{"count":3,"href":"https:\/\/iturzaeta.eus\/es\/wp-json\/wp\/v2\/posts\/25696\/revisions"}],"predecessor-version":[{"id":25805,"href":"https:\/\/iturzaeta.eus\/es\/wp-json\/wp\/v2\/posts\/25696\/revisions\/25805"}],"wp:featuredmedia":[{"embeddable":true,"href":"https:\/\/iturzaeta.eus\/es\/wp-json\/wp\/v2\/media\/25694"}],"wp:attachment":[{"href":"https:\/\/iturzaeta.eus\/es\/wp-json\/wp\/v2\/media?parent=25696"}],"wp:term":[{"taxonomy":"category","embeddable":true,"href":"https:\/\/iturzaeta.eus\/es\/wp-json\/wp\/v2\/categories?post=25696"},{"taxonomy":"post_tag","embeddable":true,"href":"https:\/\/iturzaeta.eus\/es\/wp-json\/wp\/v2\/tags?post=25696"}],"curies":[{"name":"wp","href":"https:\/\/api.w.org\/{rel}","templated":true}]}}